{"id":72,"date":"2025-05-30T20:55:20","date_gmt":"2025-05-30T23:55:20","guid":{"rendered":"https:\/\/rafaellfrasson.com.br\/?p=72"},"modified":"2025-05-30T21:03:06","modified_gmt":"2025-05-31T00:03:06","slug":"como-corrigir-o-problema-de-brillho-no-notebooks-dell-g15-5525-com-linux-e-optimus-ativo","status":"publish","type":"post","link":"https:\/\/rafaellfrasson.com.br\/index.php\/2025\/05\/30\/como-corrigir-o-problema-de-brillho-no-notebooks-dell-g15-5525-com-linux-e-optimus-ativo\/","title":{"rendered":"Como corrigir o problema de brillho no  notebooks Dell G15 5525 com Linux e Optimus ativo."},"content":{"rendered":"\n<p>O Kernel Linux 6.14 j\u00e1 \u00e9 mais recente, mas o problema pode persistir devido \u00e0 forma como o Optimus (altern\u00e2ncia entre GPU integrada e dedicada) e os drivers da Nvidia interagem com o sistema de controle de brilho no Linux.<\/p>\n\n\n\n<p>Aqui est\u00e3o algumas abordagens que voc\u00ea pode tentar para corrigir ou contornar o problema:<\/p>\n\n\n\n<pre class=\"wp-block-code\"><code>Par\u00e2metros do Kernel:\n\n    <strong>acpi_backlight=native:<\/strong> Este \u00e9 um dos par\u00e2metros mais comumente recomendados para tentar habilitar o controle de brilho. Para adicion\u00e1-lo, voc\u00ea precisa editar o arquivo de configura\u00e7\u00e3o do GRUB. Abra o arquivo \/etc\/default\/grub com um editor de texto com privil\u00e9gios de root:\n\nBash: <strong><code>sudo nano \/etc\/default\/grub<\/code><\/strong><\/code><\/pre>\n\n\n\n<p>Encontre a linha que come\u00e7a com GRUB_CMDLINE_LINUX_DEFAULT. Adicione <strong>acpi_backlight=native<\/strong> dentro das aspas. <\/p>\n\n\n\n<p>Por exemplo:<\/p>\n\n\n\n<p><code>GRUB_CMDLINE_LINUX_DEFAULT=\"<strong>quiet splash acpi_backlight=native<\/strong>\"<\/code><\/p>\n\n\n\n<p>Salve o arquivo e saia do editor.<br><\/p>\n\n\n\n<p class=\"has-medium-font-size\">Atualize o GRUB: <\/p>\n\n\n\n<p><strong><code>sudo update-grub<\/code><\/strong><br><br>Reinicie o computador.<\/p>\n\n\n\n<p><\/p>\n","protected":false},"excerpt":{"rendered":"<p>O Kernel Linux 6.14 j\u00e1 \u00e9 mais recente, mas o problema pode persistir devido \u00e0 forma como o Optimus (altern\u00e2ncia entre GPU integrada e dedicada) e os drivers da Nvidia interagem com o sistema de controle de brilho no Linux. Aqui est\u00e3o algumas abordagens que voc\u00ea pode tentar para corrigir ou contornar o problema: Encontre &hellip; <\/p>\n<p class=\"link-more\"><a href=\"https:\/\/rafaellfrasson.com.br\/index.php\/2025\/05\/30\/como-corrigir-o-problema-de-brillho-no-notebooks-dell-g15-5525-com-linux-e-optimus-ativo\/\" class=\"more-link\">Continue reading<span class=\"screen-reader-text\"> &#8220;Como corrigir o problema de brillho no  notebooks Dell G15 5525 com Linux e Optimus ativo.&#8221;<\/span><\/a><\/p>\n","protected":false},"author":1,"featured_media":0,"comment_status":"open","ping_status":"open","sticky":false,"template":"","format":"standard","meta":{"om_disable_all_campaigns":false,"_monsterinsights_skip_tracking":false,"_monsterinsights_sitenote_active":false,"_monsterinsights_sitenote_note":"","_monsterinsights_sitenote_category":0,"footnotes":""},"categories":[1],"tags":[],"class_list":["post-72","post","type-post","status-publish","format-standard","hentry","category-sem-categoria"],"aioseo_notices":[],"_links":{"self":[{"href":"https:\/\/rafaellfrasson.com.br\/index.php\/wp-json\/wp\/v2\/posts\/72","targetHints":{"allow":["GET"]}}],"collection":[{"href":"https:\/\/rafaellfrasson.com.br\/index.php\/wp-json\/wp\/v2\/posts"}],"about":[{"href":"https:\/\/rafaellfrasson.com.br\/index.php\/wp-json\/wp\/v2\/types\/post"}],"author":[{"embeddable":true,"href":"https:\/\/rafaellfrasson.com.br\/index.php\/wp-json\/wp\/v2\/users\/1"}],"replies":[{"embeddable":true,"href":"https:\/\/rafaellfrasson.com.br\/index.php\/wp-json\/wp\/v2\/comments?post=72"}],"version-history":[{"count":2,"href":"https:\/\/rafaellfrasson.com.br\/index.php\/wp-json\/wp\/v2\/posts\/72\/revisions"}],"predecessor-version":[{"id":76,"href":"https:\/\/rafaellfrasson.com.br\/index.php\/wp-json\/wp\/v2\/posts\/72\/revisions\/76"}],"wp:attachment":[{"href":"https:\/\/rafaellfrasson.com.br\/index.php\/wp-json\/wp\/v2\/media?parent=72"}],"wp:term":[{"taxonomy":"category","embeddable":true,"href":"https:\/\/rafaellfrasson.com.br\/index.php\/wp-json\/wp\/v2\/categories?post=72"},{"taxonomy":"post_tag","embeddable":true,"href":"https:\/\/rafaellfrasson.com.br\/index.php\/wp-json\/wp\/v2\/tags?post=72"}],"curies":[{"name":"wp","href":"https:\/\/api.w.org\/{rel}","templated":true}]}}